{"id":44666,"date":"2025-01-05T09:32:34","date_gmt":"2025-01-05T08:32:34","guid":{"rendered":"https:\/\/fasoon.ch\/?p=44666"},"modified":"2025-02-01T08:35:03","modified_gmt":"2025-02-01T07:35:03","slug":"connaissances-pour-les-fondateurs-sur-lavs-le-systeme-de-retraite-public-en-suisse","status":"publish","type":"post","link":"https:\/\/fasoon.ch\/fr\/connaissances-pour-les-fondateurs-sur-lavs-le-systeme-de-retraite-public-en-suisse\/","title":{"rendered":"Ce que les fondateurs et les propri\u00e9taires d&rsquo;entreprise doivent savoir sur l&rsquo;AVS"},"content":{"rendered":"<h2 aria-level=\"2\"><span data-contrast=\"none\">L&rsquo;AVS &#8211; le fonctionnement de la pr\u00e9voyance \u00e9tatique<\/span><span data-ccp-props=\"{&quot;134245418&quot;:true,&quot;134245529&quot;:true,&quot;335559738&quot;:40}\">\u00a0<\/span><\/h2>\n<p><span data-contrast=\"auto\">En Suisse, il existe un r\u00e9seau dense d&rsquo;assurances sociales qui offre aux personnes qui vivent et travaillent ici ainsi qu&rsquo;aux membres de leur famille une protection \u00e9tendue contre les risques. Dans ce blog, vous apprendrez l&rsquo;essentiel sur le premier pilier de ce syst\u00e8me, l&rsquo;AVS.<\/span><span data-ccp-props=\"{}\">\u00a0<\/span><\/p>\n<p><span data-ccp-props=\"{}\">\u00a0<\/span><\/p>\n<h2 aria-level=\"2\"><span data-contrast=\"none\">L&rsquo;assurance-vieillesse et survivants (AVS)<\/span><span data-ccp-props=\"{&quot;134245418&quot;:true,&quot;134245529&quot;:true,&quot;335559738&quot;:40}\">\u00a0<\/span><\/h2>\n<p><span data-contrast=\"auto\">L&rsquo;AVS est une assurance qui remplace partiellement le revenu perdu \u00e0 la retraite ou en cas de d\u00e9c\u00e8s. Elle est donc le pilier le plus important de la pr\u00e9voyance sociale en Suisse. Les caisses de compensation AVS sont responsables de la perception des cotisations et du versement des prestations. L&rsquo;AVS est une assurance populaire g\u00e9n\u00e9rale et obligatoire. Cela signifie que toutes les personnes r\u00e9sidant ou exer\u00e7ant une activit\u00e9 professionnelle en Suisse sont assur\u00e9es par l&rsquo;AVS.<\/span><span data-ccp-props=\"{}\">\u00a0<\/span><\/p>\n<p><span data-ccp-props=\"{}\">\u00a0<\/span><\/p>\n<p aria-level=\"2\"><span data-contrast=\"none\">Cotisations<\/span><span data-ccp-props=\"{&quot;134245418&quot;:true,&quot;134245529&quot;:true,&quot;335559738&quot;:40}\">\u00a0<\/span><\/p>\n<h2>Qui paie des cotisations \u00e0 l&rsquo;AVS ?\u00a0<\/h2>\n<p><b><span data-contrast=\"auto\">Toutes les personnes assur\u00e9es aupr\u00e8s de l&rsquo;AVS<\/span><\/b><span data-contrast=\"auto\">. Sont tenues de cotiser toutes les personnes assur\u00e9es aupr\u00e8s de l&rsquo;AVS, c&rsquo;est-\u00e0-dire toutes les personnes qui r\u00e9sident ou travaillent en Suisse. Les personnes sans activit\u00e9 lucrative sont \u00e9galement soumises \u00e0 l&rsquo;obligation de cotiser. Leur cotisation est consid\u00e9r\u00e9e comme pay\u00e9e lorsque le conjoint exer\u00e7ant une activit\u00e9 lucrative a vers\u00e9 au moins le double de la cotisation minimale \u00e0 l&rsquo;AVS. La cotisation minimale AVS\/AI\/APG s&rsquo;\u00e9l\u00e8ve \u00e0 503 francs par an. Pour les personnes qui n&rsquo;exercent pas d&rsquo;activit\u00e9 lucrative (comme les femmes au foyer) et qui n&rsquo;ont pas de conjoint qui verse le double de la cotisation minimale \u00e0 l&rsquo;AVS, la cotisation est calcul\u00e9e sur la base de leur fortune.<\/span><span data-ccp-props=\"{}\">\u00a0<\/span><\/p>\n<p><span data-ccp-props=\"{}\">\u00a0<\/span><\/p>\n<p><b><span data-contrast=\"auto\">Propri\u00e9taire d\u2019une S\u00e0rl ou d\u2019une SA<\/span><\/b><span data-ccp-props=\"{}\">\u00a0<\/span><\/p>\n<p><span data-contrast=\"auto\">Les cotisations des salari\u00e9s sont d\u00e9duites par l&#8217;employeur lors de chaque paiement de salaire et vers\u00e9es directement \u00e0 la caisse de compensation AVS en m\u00eame temps que la cotisation de l&#8217;employeur (en r\u00e8gle g\u00e9n\u00e9rale, chaque trimestre). Comme le propri\u00e9taire d&rsquo;une SA ou d&rsquo;une S\u00e0rl est \u00e9galement un employ\u00e9 de la soci\u00e9t\u00e9, l&rsquo;AVS ne fait pas de distinction entre propri\u00e9taire et employ\u00e9.<\/span><span data-ccp-props=\"{}\">\u00a0<\/span><\/p>\n<p><span data-ccp-props=\"{}\">\u00a0<\/span><\/p>\n<p><b><span data-contrast=\"auto\">Propri\u00e9taire d&rsquo;une entreprise individuelle ou d&rsquo;une soci\u00e9t\u00e9 en nom collectif<\/span><\/b><span data-ccp-props=\"{}\">\u00a0<\/span><\/p>\n<p><span data-contrast=\"auto\">Si l&rsquo;entreprise individuelle ou la soci\u00e9t\u00e9 en nom collectif emploie des collaborateurs, les cotisations des employ\u00e9s sont d\u00e9duites par l&#8217;employeur lors de chaque paiement de salaire et vers\u00e9es r\u00e9guli\u00e8rement (en pratique trimestriellement) \u00e0 la caisse de compensation AVS. Les cotisations personnelles des propri\u00e9taires sont calcul\u00e9es en fin d&rsquo;ann\u00e9e par la caisse de compensation AVS sur la base du b\u00e9n\u00e9fice.<\/span><span data-ccp-props=\"{}\">\u00a0<\/span><\/p>\n<p><b><span data-contrast=\"auto\">Exemple<\/span><\/b><span data-contrast=\"auto\"> : Johann K\u00fcng a deux employ\u00e9s dans sa S\u00e0rl. Chaque mois, il d\u00e9duit les cotisations AVS des salaires bruts de ses employ\u00e9s et de son propre salaire. Il les verse chaque trimestre, avec les cotisations de l&#8217;employeur, \u00e0 la caisse de compensation AVS comp\u00e9tente. A la fin de l&rsquo;ann\u00e9e, tout est d\u00e9compt\u00e9 avec pr\u00e9cision et Johann re\u00e7oit une facture finale pour l&rsquo;ann\u00e9e \u00e9coul\u00e9e.<\/span><span data-ccp-props=\"{}\">\u00a0<\/span><\/p>\n<p><span data-ccp-props=\"{}\">\u00a0<\/span><\/p>\n<p><span data-contrast=\"auto\">Un revenu provenant d&rsquo;une activit\u00e9 accessoire ind\u00e9pendante ou d&rsquo;une activit\u00e9 salari\u00e9e ne d\u00e9passant pas 2\u2019300 CHF par an est consid\u00e9r\u00e9 comme un revenu minime et n&rsquo;est soumis \u00e0 l&rsquo;obligation de cotiser que si la personne assur\u00e9e en fait la demande. Cela ne s&rsquo;applique toutefois pas aux personnes qui travaillent dans des m\u00e9nages priv\u00e9s &#8211; leur revenu est dans tous les cas obligatoirement soumis \u00e0 cotisation (en font par exemple partie les aides m\u00e9nag\u00e8res, le personnel de nettoyage ou la garde d&rsquo;enfants). Les personnes de moins de 25 ans dont le revenu r\u00e9alis\u00e9 est inf\u00e9rieur \u00e0 750 CHF par an sont exempt\u00e9es de cette obligation. Il en va de m\u00eame pour les personnes r\u00e9mun\u00e9r\u00e9es par des producteurs de danse et de th\u00e9\u00e2tre, des orchestres, des producteurs phonographiques et audiovisuels, la radio et la t\u00e9l\u00e9vision ainsi que par des \u00e9coles dans le domaine artistique.<\/span><span data-ccp-props=\"{}\">\u00a0<\/span><\/p>\n<p><b><span data-contrast=\"auto\">Exemple<\/span><\/b><span data-contrast=\"auto\"> : Johann K\u00fcng travaille comme professeur int\u00e9rimaire \u00e0 temps partiel. Il gagne 2\u2019000 CHF par an gr\u00e2ce \u00e0 ce travail. Son employeur ne doit donc pas verser l&rsquo;AVS, car le salaire ne d\u00e9passe pas la limite de 2&rsquo;300 CHF par an et Johann ne l&rsquo;a pas demand\u00e9. Si Johann travaillait comme agent de nettoyage dans un m\u00e9nage priv\u00e9, l&rsquo;AVS devrait obligatoirement \u00eatre vers\u00e9e.<\/span><span data-ccp-props=\"{}\">\u00a0<\/span><\/p>\n<p><span data-ccp-props=\"{}\">\u00a0<\/span><\/p>\n<p><b><span data-contrast=\"auto\">Quelle est la dur\u00e9e de l\u2019obligation de cotiser\u202f?<\/span><\/b><span data-ccp-props=\"{}\">\u00a0<\/span><\/p>\n<p><span data-contrast=\"auto\">Pour les personnes exer\u00e7ant une activit\u00e9 lucrative, l&rsquo;obligation de cotiser commence le 1er janvier suivant le 17e anniversaire. Pour les personnes sans activit\u00e9 lucrative, elle d\u00e9bute le 1er janvier suivant le 20e anniversaire. L&rsquo;obligation de cotiser dure jusqu&rsquo;\u00e0 ce que l&rsquo;\u00e2ge ordinaire de la retraite soit atteint.<\/span><span data-ccp-props=\"{}\">\u00a0<\/span><\/p>\n<p><span data-contrast=\"auto\">Important : les ann\u00e9es de cotisation manquantes peuvent entra\u00eener une r\u00e9duction des prestations !<\/span><span data-ccp-props=\"{}\">\u00a0<\/span><\/p>\n<p><span data-ccp-props=\"{}\">\u00a0<\/span><\/p>\n<p><b><span data-contrast=\"auto\">Les b\u00e9n\u00e9ficiaires d&rsquo;une rente de vieillesse qui exercent une activit\u00e9 professionnelle doivent-ils \u00e9galement payer des cotisations ?<\/span><\/b><span data-ccp-props=\"{}\">\u00a0<\/span><\/p>\n<p><span data-contrast=\"auto\">Oui &#8211; l&rsquo;obligation de cotiser subsiste.<\/span><span data-ccp-props=\"{}\">\u00a0<\/span><\/p>\n<p><span data-ccp-props=\"{}\">\u00a0<\/span><\/p>\n<p><span data-contrast=\"auto\">Les personnes qui per\u00e7oivent d\u00e9j\u00e0 une rente de vieillesse, mais qui continuent d&rsquo;exercer une activit\u00e9 professionnelle, doivent continuer \u00e0 payer des cotisations. Les retrait\u00e9s qui exercent une activit\u00e9 professionnelle b\u00e9n\u00e9ficient d&rsquo;une franchise de 1\u2019400 CHF par mois ou de 16\u2019800 CHF par an, sur laquelle ils ne doivent pas payer de cotisations. Les cotisations ne sont pr\u00e9lev\u00e9es que sur la part du revenu professionnel qui d\u00e9passe ces montants.<\/span><span data-ccp-props=\"{}\">\u00a0<\/span><\/p>\n<p><span data-ccp-props=\"{}\">\u00a0<\/span><span data-ccp-props=\"{}\">\u00a0<\/span><\/p>\n<h2>Comment les cotisations AVS sont-elles calcul\u00e9es ?<\/h2>\n<p><b><span data-contrast=\"auto\">Pour les personnes actives, sur la base de leur revenu, pour les personnes non actives, sur la base de leur situation \u00e9conomique.<\/span><\/b><span data-ccp-props=\"{}\">\u00a0<\/span><\/p>\n<p><span data-contrast=\"auto\">Pour les personnes salari\u00e9es, l&#8217;employ\u00e9 et l&#8217;employeur paient chacun la moiti\u00e9 des cotisations, c&rsquo;est-\u00e0-dire 4,35% du revenu d\u00e9terminant (sans limite d&rsquo;assujettissement). Les employeurs sont tenus de verser la cotisation totale directement \u00e0 la caisse de compensation AVS.<\/span><span data-ccp-props=\"{}\">\u00a0<\/span><\/p>\n<p><span data-contrast=\"auto\">Pour les ind\u00e9pendants, la caisse de compensation AVS fixe la cotisation sur la base du revenu de l&rsquo;activit\u00e9 professionnelle et va de 5,371% de leur revenu jusqu&rsquo;au taux maximal de 10% pour un revenu sup\u00e9rieur \u00e0 57&rsquo;400.<\/span><span data-ccp-props=\"{}\">\u00a0<\/span><\/p>\n<p><span data-ccp-props=\"{}\">\u00a0<\/span><\/p>\n<p><b><span data-contrast=\"auto\">Qu&rsquo;est-ce que le compte individuel ?<\/span><\/b><span data-ccp-props=\"{}\">\u00a0<\/span><\/p>\n<p><b><span data-contrast=\"auto\">Il constitue la base du calcul de la pension.<\/span><\/b><span data-ccp-props=\"{}\">\u00a0<\/span><\/p>\n<p><span data-contrast=\"auto\">Tous les revenus professionnels, les p\u00e9riodes de cotisation ainsi que les bonifications pour t\u00e2ches d&rsquo;assistance sont enregistr\u00e9s sur le compte individuel (CI). Ceux-ci servent de base au calcul d&rsquo;une rente de vieillesse, de survivant ou d&rsquo;invalidit\u00e9. Les personnes qui souhaitent v\u00e9rifier si la dur\u00e9e de cotisation est compl\u00e8te ou si l&#8217;employeur a r\u00e9ellement d\u00e9compt\u00e9 les cotisations d\u00e9duites avec la caisse de compensation AVS peuvent demander un extrait par \u00e9crit ou directement par Internet (https:\/\/www.ahv-iv.ch\/fr\/). Le num\u00e9ro d&rsquo;assur\u00e9 doit \u00eatre indiqu\u00e9 \u00e0 cette occasion. L&rsquo;extrait du CI est gratuit.<\/span><span data-ccp-props=\"{}\">\u00a0<\/span><\/p>\n<p><span data-ccp-props=\"{}\">\u00a0<\/span><\/p>\n<p aria-level=\"2\"><span data-contrast=\"none\">Prestations<\/span><span data-ccp-props=\"{&quot;134245418&quot;:true,&quot;134245529&quot;:true,&quot;335559738&quot;:40}\">\u00a0<\/span><\/p>\n<h2>Quelles sont les prestations vers\u00e9es par l&rsquo;AVS ?<\/h2>\n<p><b><span data-contrast=\"auto\">Les rentes, les allocations pour impotents et les moyens auxiliaires.<\/span><\/b><span data-ccp-props=\"{}\">\u00a0<\/span><\/p>\n<p><span data-contrast=\"auto\">La rente de vieillesse et de survivants ainsi que l&rsquo;allocation pour impotent constituent la plus grande partie des prestations de l&rsquo;AVS. Ces prestations sont continuellement adapt\u00e9es \u00e0 l&rsquo;\u00e9volution des salaires et des prix.<\/span><span data-ccp-props=\"{}\">\u00a0<\/span><\/p>\n<p><span data-ccp-props=\"{}\">\u00a0<\/span><\/p>\n<p><b><span data-contrast=\"auto\">Rente de de vieillesse<\/span><\/b><span data-ccp-props=\"{}\">\u00a0<\/span><\/p>\n<p><span data-contrast=\"auto\">Les personnes qui atteignent l&rsquo;\u00e2ge de la retraite ont droit \u00e0 une rente de vieillesse. L&rsquo;\u00e2ge de la retraite des femmes <\/span><span data-contrast=\"auto\">est aujourd\u2019hui (en anticipation des r\u00e9formes\u202f??)<\/span><span data-contrast=\"auto\"> de 64 ans. Les hommes atteignent l&rsquo;\u00e2ge de la retraite \u00e0 65 ans. La rente de vieillesse compl\u00e8te s&rsquo;\u00e9l\u00e8ve au minimum \u00e0 1\u2019195 CHF et au maximum \u00e0 2\u2019390 CHF par mois. En cas de dur\u00e9e de cotisation incompl\u00e8te, une rente partielle est vers\u00e9e. Les rentes de vieillesse pour les couples mari\u00e9s ou vivant en partenariat enregistr\u00e9 ne peuvent pas d\u00e9passer 150 % de la rente de vieillesse maximale, c&rsquo;est-\u00e0-dire 3&rsquo;585 CHF.<\/span><span data-ccp-props=\"{}\">\u00a0<\/span><\/p>\n<p><span data-contrast=\"auto\">Celui qui per\u00e7oit sa rente de vieillesse un ou deux ans avant l&rsquo;\u00e2ge ordinaire de la retraite re\u00e7oit une rente r\u00e9duite. Le taux de r\u00e9duction est de 6,8% par ann\u00e9e d&rsquo;anticipation. Inversement, celui qui ajourne le versement de sa rente d&rsquo;un \u00e0 cinq ans maximum re\u00e7oit une rente major\u00e9e. L&rsquo;augmentation d\u00e9pend de la dur\u00e9e de l&rsquo;ajournement. L&rsquo;anticipation ou l&rsquo;ajournement de la rente de vieillesse a \u00e9galement des r\u00e9percussions sur les rentes pour enfants.<\/span><span data-ccp-props=\"{}\">\u00a0<\/span><\/p>\n<p><span data-ccp-props=\"{}\">\u00a0<\/span><\/p>\n<p><b><span data-contrast=\"auto\">Rente pour enfant<\/span><\/b><span data-ccp-props=\"{}\">\u00a0<\/span><\/p>\n<p><span data-contrast=\"auto\">Un droit \u00e0 une rente pour enfant en plus de la rente de vieillesse existe pour les enfants qui n&rsquo;ont pas encore atteint l&rsquo;\u00e2ge de 18 ans ou qui sont encore en formation (jusqu&rsquo;\u00e0 leur 25e anniversaire). La rente pour enfant s&rsquo;\u00e9l\u00e8ve \u00e0 40 % de la rente de vieillesse correspondante, soit au minimum 474 CHF et au maximum 948 CHF par mois pour une dur\u00e9e de cotisation compl\u00e8te. Si les deux parents ont droit \u00e0 une rente pour enfant, le montant total des deux rentes ne doit pas d\u00e9passer 60 % du montant maximal de la rente de vieillesse, soit CHF 1&rsquo;410.- par mois.<\/span><span data-ccp-props=\"{}\">\u00a0<\/span><\/p>\n<p><span data-ccp-props=\"{}\">\u00a0<\/span><\/p>\n<p><b><span data-contrast=\"auto\">Rente de veuve et de veuf<\/span><\/b><span data-ccp-props=\"{}\">\u00a0<\/span><\/p>\n<p><span data-contrast=\"auto\">Les femmes dont le conjoint est d\u00e9c\u00e9d\u00e9 ont droit \u00e0 une rente de veuve,<\/span><span data-ccp-props=\"{}\">\u00a0<\/span><\/p>\n<ul>\n<li data-leveltext=\"-\" data-font=\"Calibri\" data-listid=\"1\" data-list-defn-props=\"{&quot;335551671&quot;:9,&quot;335552541&quot;:1,&quot;335559685&quot;:720,&quot;335559991&quot;:360,&quot;469769226&quot;:&quot;Calibri&quot;,&quot;469769242&quot;:[8226],&quot;469777803&quot;:&quot;left&quot;,&quot;469777804&quot;:&quot;-&quot;,&quot;469777815&quot;:&quot;hybridMultilevel&quot;}\" aria-setsize=\"-1\" data-aria-posinset=\"9\" data-aria-level=\"1\"><span data-contrast=\"auto\">si, au moment du veuvage, elles ont un ou plusieurs enfants ou<\/span><span data-ccp-props=\"{}\">\u00a0<\/span><\/li>\n<\/ul>\n<ul>\n<li data-leveltext=\"-\" data-font=\"Calibri\" data-listid=\"1\" data-list-defn-props=\"{&quot;335551671&quot;:9,&quot;335552541&quot;:1,&quot;335559685&quot;:720,&quot;335559991&quot;:360,&quot;469769226&quot;:&quot;Calibri&quot;,&quot;469769242&quot;:[8226],&quot;469777803&quot;:&quot;left&quot;,&quot;469777804&quot;:&quot;-&quot;,&quot;469777815&quot;:&quot;hybridMultilevel&quot;}\" aria-setsize=\"-1\" data-aria-posinset=\"10\" data-aria-level=\"1\"><span data-contrast=\"auto\">si elles ont 45 ans au moment du veuvage et ont \u00e9t\u00e9 mari\u00e9es pendant au moins cinq ans. En cas de plusieurs mariages, les ann\u00e9es de mariage sont additionn\u00e9es.<\/span><span data-ccp-props=\"{}\">\u00a0<\/span><\/li>\n<\/ul>\n<p><span data-ccp-props=\"{}\">\u00a0<\/span><\/p>\n<p><span data-contrast=\"auto\">Les femmes divorc\u00e9es dont l&rsquo;ex-conjoint est d\u00e9c\u00e9d\u00e9 ont \u00e9galement droit \u00e0 une pension de veuve sous certaines conditions. Les hommes dont l&rsquo;\u00e9pouse ou l&rsquo;ex-\u00e9pouse est d\u00e9c\u00e9d\u00e9e re\u00e7oivent une rente de veuf jusqu&rsquo;\u00e0 ce que le plus jeune de leurs enfants ait atteint l&rsquo;\u00e2ge de 18 ans. La rente de veuve ou de veuf repr\u00e9sente 80 % de la rente de vieillesse (pour une dur\u00e9e de cotisation compl\u00e8te, au moins 956 CHF par mois et au plus 1\u2019912 CHF). Le partenariat enregistr\u00e9 est assimil\u00e9 au mariage, sa dissolution au divorce et le partenaire enregistr\u00e9 survivant au veuf.<\/span><span data-ccp-props=\"{}\">\u00a0<\/span><\/p>\n<p><span data-ccp-props=\"{}\">\u00a0<\/span><\/p>\n<p><b><span data-contrast=\"auto\">Rente d\u2019orphelin<\/span><\/b><span data-ccp-props=\"{}\">\u00a0<\/span><\/p>\n<p><span data-contrast=\"auto\">L&rsquo;AVS verse une rente d&rsquo;orphelin aux enfants en cas de d\u00e9c\u00e8s de la m\u00e8re ou du p\u00e8re. En cas de d\u00e9c\u00e8s des deux parents, il existe un droit \u00e0 deux rentes d&rsquo;orphelin. Le droit \u00e0 une rente d&rsquo;orphelin s&rsquo;\u00e9teint au 18e anniversaire ou \u00e0 la fin de la formation (mais au plus tard au 25e anniversaire). La rente d&rsquo;orphelin repr\u00e9sente 40 % de la rente de vieillesse (pour une dur\u00e9e de cotisation compl\u00e8te, au moins 479 CHF par mois et au plus 956 CHF par mois). Si les deux parents sont d\u00e9c\u00e9d\u00e9s, les rentes d&rsquo;orphelins doivent \u00eatre r\u00e9duites dans la mesure o\u00f9 leur montant total d\u00e9passe 60 % de la rente de vieillesse maximale, c&rsquo;est-\u00e0-dire 1\u2019434 CHF par mois.<\/span><\/p>\n<p>[\/et_pb_text][\/et_pb_column][\/et_pb_row][\/et_pb_section][et_pb_section fb_built=\u00a0\u00bb1&Prime; _builder_version=\u00a0\u00bb4.16&Prime; custom_padding=\u00a0\u00bb30px|||\u00a0\u00bb custom_css_main_element=\u00a0\u00bbbackground-image: url(%22https:\/\/fasoon.ch\/wp-content\/uploads\/2016\/12\/bg-body.png%22);||background-size: initial;||background-repeat: repeat;||\u00a0\u00bb transparent_background=\u00a0\u00bboff\u00a0\u00bb make_fullwidth=\u00a0\u00bboff\u00a0\u00bb use_custom_width=\u00a0\u00bboff\u00a0\u00bb width_unit=\u00a0\u00bbon\u00a0\u00bb global_colors_info=\u00a0\u00bb{}\u00a0\u00bb][et_pb_row _builder_version=\u00a0\u00bb4.16&Prime; background_size=\u00a0\u00bbinitial\u00a0\u00bb background_position=\u00a0\u00bbtop_left\u00a0\u00bb background_repeat=\u00a0\u00bbrepeat\u00a0\u00bb custom_margin=\u00a0\u00bb20px|10px||10px\u00a0\u00bb make_fullwidth=\u00a0\u00bboff\u00a0\u00bb use_custom_width=\u00a0\u00bboff\u00a0\u00bb width_unit=\u00a0\u00bbon\u00a0\u00bb global_colors_info=\u00a0\u00bb{}\u00a0\u00bb][et_pb_column type=\u00a0\u00bb4_4&Prime; _builder_version=\u00a0\u00bb4.16&Prime; custom_padding=\u00a0\u00bb|||\u00a0\u00bb global_colors_info=\u00a0\u00bb{}\u00a0\u00bb custom_padding__hover=\u00a0\u00bb|||\u00a0\u00bb][et_pb_text _builder_version=\u00a0\u00bb4.16&Prime; background_size=\u00a0\u00bbinitial\u00a0\u00bb background_position=\u00a0\u00bbtop_left\u00a0\u00bb background_repeat=\u00a0\u00bbrepeat\u00a0\u00bb custom_padding=\u00a0\u00bb20px|15px||10px\u00a0\u00bb use_border_color=\u00a0\u00bboff\u00a0\u00bb border_color=\u00a0\u00bb#ffffff\u00a0\u00bb border_style=\u00a0\u00bbsolid\u00a0\u00bb global_colors_info=\u00a0\u00bb{}\u00a0\u00bb]<\/p>\n<p><span style=\"color: #004350; font-size: 20px;\">Vous voulez cr\u00e9er une entreprise ? Les employ\u00e9s de Fasoon travaillent dans le domaine de la cr\u00e9ation d&rsquo;entreprises depuis plus de 10 ans.<\/span><\/p>\n<p><span style=\"color: #004350; font-size: 20px;\">Nous vous conseillons personnellement et vous soutenons dans le processus administratif de votre fondation. Inscrivez votre cr\u00e9ation d\u00e8s maintenant et profitez de nos prix imbattables. Ou prenez rendez-vous pour une consultation sans engagement.<\/span><\/p>\n<p>[\/et_pb_text][et_pb_divider show_divider=\u00a0\u00bboff\u00a0\u00bb disabled_on=\u00a0\u00bbon|on|off\u00a0\u00bb _builder_version=\u00a0\u00bb4.16&Prime; height=\u00a0\u00bb10px\u00a0\u00bb hide_on_mobile=\u00a0\u00bbon\u00a0\u00bb global_colors_info=\u00a0\u00bb{}\u00a0\u00bb][\/et_pb_divider][\/et_pb_column][\/et_pb_row][et_pb_row column_structure=\u00a0\u00bb1_2,1_2&Prime; _builder_version=\u00a0\u00bb4.16&Prime; background_size=\u00a0\u00bbinitial\u00a0\u00bb background_position=\u00a0\u00bbtop_left\u00a0\u00bb background_repeat=\u00a0\u00bbrepeat\u00a0\u00bb custom_padding=\u00a0\u00bb|10px||10px\u00a0\u00bb make_fullwidth=\u00a0\u00bboff\u00a0\u00bb use_custom_width=\u00a0\u00bboff\u00a0\u00bb width_unit=\u00a0\u00bbon\u00a0\u00bb global_colors_info=\u00a0\u00bb{}\u00a0\u00bb][et_pb_column type=\u00a0\u00bb1_2&Prime; _builder_version=\u00a0\u00bb4.16&Prime; custom_padding=\u00a0\u00bb|||\u00a0\u00bb global_colors_info=\u00a0\u00bb{}\u00a0\u00bb custom_padding__hover=\u00a0\u00bb|||\u00a0\u00bb][et_pb_button button_url=\u00a0\u00bbhttps:\/\/fasoon.ch\/fr\/calculateur-de-prix\/\u00a0\u00bb button_text=\u00a0\u00bbCr\u00e9er maintenant\u00a0\u00bb button_alignment=\u00a0\u00bbcenter\u00a0\u00bb admin_label=\u00a0\u00bbjetzt gr\u00fcnden\u00a0\u00bb _builder_version=\u00a0\u00bb4.16&Prime; custom_button=\u00a0\u00bbon\u00a0\u00bb button_text_size=\u00a0\u00bb25&Prime; button_text_color=\u00a0\u00bb#fa003b\u00a0\u00bb button_bg_color=\u00a0\u00bb#ffffff\u00a0\u00bb button_border_width=\u00a0\u00bb3&Prime; button_border_color=\u00a0\u00bb#fa003b\u00a0\u00bb button_border_radius=\u00a0\u00bb0&Prime; button_icon=\u00a0\u00bb\ue0ef||divi||400&Prime; button_icon_color=\u00a0\u00bb#fa003b\u00a0\u00bb button_icon_placement=\u00a0\u00bbleft\u00a0\u00bb button_text_size_tablet=\u00a0\u00bb20&Prime; button_text_size_phone=\u00a0\u00bb\u00a0\u00bb button_text_size_last_edited=\u00a0\u00bbon|phone\u00a0\u00bb custom_css_main_element=\u00a0\u00bbwidth: 95%\u00a0\u00bb button_letter_spacing_hover=\u00a0\u00bb0&Prime; global_colors_info=\u00a0\u00bb{}\u00a0\u00bb button_text_size__hover_enabled=\u00a0\u00bboff\u00a0\u00bb button_one_text_size__hover_enabled=\u00a0\u00bboff\u00a0\u00bb button_two_text_size__hover_enabled=\u00a0\u00bboff\u00a0\u00bb button_text_color__hover_enabled=\u00a0\u00bboff\u00a0\u00bb button_one_text_color__hover_enabled=\u00a0\u00bboff\u00a0\u00bb button_two_text_color__hover_enabled=\u00a0\u00bboff\u00a0\u00bb button_border_width__hover_enabled=\u00a0\u00bboff\u00a0\u00bb button_one_border_width__hover_enabled=\u00a0\u00bboff\u00a0\u00bb button_two_border_width__hover_enabled=\u00a0\u00bboff\u00a0\u00bb button_border_color__hover_enabled=\u00a0\u00bboff\u00a0\u00bb button_one_border_color__hover_enabled=\u00a0\u00bboff\u00a0\u00bb button_two_border_color__hover_enabled=\u00a0\u00bboff\u00a0\u00bb button_border_radius__hover_enabled=\u00a0\u00bboff\u00a0\u00bb button_one_border_radius__hover_enabled=\u00a0\u00bboff\u00a0\u00bb button_two_border_radius__hover_enabled=\u00a0\u00bboff\u00a0\u00bb button_letter_spacing__hover_enabled=\u00a0\u00bbon\u00a0\u00bb button_letter_spacing__hover=\u00a0\u00bb0&Prime; button_one_letter_spacing__hover_enabled=\u00a0\u00bboff\u00a0\u00bb button_two_letter_spacing__hover_enabled=\u00a0\u00bboff\u00a0\u00bb button_bg_color__hover_enabled=\u00a0\u00bboff\u00a0\u00bb button_one_bg_color__hover_enabled=\u00a0\u00bboff\u00a0\u00bb button_two_bg_color__hover_enabled=\u00a0\u00bboff\u00a0\u00bb][\/et_pb_button][\/et_pb_column][et_pb_column type=\u00a0\u00bb1_2&Prime; _builder_version=\u00a0\u00bb4.16&Prime; custom_padding=\u00a0\u00bb|||\u00a0\u00bb global_colors_info=\u00a0\u00bb{}\u00a0\u00bb custom_padding__hover=\u00a0\u00bb|||\u00a0\u00bb][et_pb_button button_url=\u00a0\u00bbhttps:\/\/fasoon.ch\/fr\/informations\/conseil\/\u00a0\u00bb button_text=\u00a0\u00bbPrendre un rendez-vous pour une consultation\u00a0\u00bb button_alignment=\u00a0\u00bbcenter\u00a0\u00bb admin_label=\u00a0\u00bbBeratungsgespr\u00e4ch vereinbaren\u00a0\u00bb _builder_version=\u00a0\u00bb4.16&Prime; custom_button=\u00a0\u00bbon\u00a0\u00bb button_text_size=\u00a0\u00bb25&Prime; button_text_color=\u00a0\u00bb#fa003b\u00a0\u00bb button_bg_color=\u00a0\u00bb#ffffff\u00a0\u00bb button_border_width=\u00a0\u00bb3&Prime; button_border_color=\u00a0\u00bb#fa003b\u00a0\u00bb button_border_radius=\u00a0\u00bb0&Prime; button_icon=\u00a0\u00bbw||divi||400&Prime; button_icon_color=\u00a0\u00bb#fa003b\u00a0\u00bb button_icon_placement=\u00a0\u00bbleft\u00a0\u00bb button_text_size_tablet=\u00a0\u00bb20&Prime; button_text_size_phone=\u00a0\u00bb\u00a0\u00bb button_text_size_last_edited=\u00a0\u00bbon|desktop\u00a0\u00bb custom_css_main_element=\u00a0\u00bbwidth: 95%\u00a0\u00bb button_letter_spacing_hover=\u00a0\u00bb0&Prime; global_colors_info=\u00a0\u00bb{}\u00a0\u00bb button_text_size__hover_enabled=\u00a0\u00bboff\u00a0\u00bb button_one_text_size__hover_enabled=\u00a0\u00bboff\u00a0\u00bb button_two_text_size__hover_enabled=\u00a0\u00bboff\u00a0\u00bb button_text_color__hover_enabled=\u00a0\u00bboff\u00a0\u00bb button_one_text_color__hover_enabled=\u00a0\u00bboff\u00a0\u00bb button_two_text_color__hover_enabled=\u00a0\u00bboff\u00a0\u00bb button_border_width__hover_enabled=\u00a0\u00bboff\u00a0\u00bb button_one_border_width__hover_enabled=\u00a0\u00bboff\u00a0\u00bb button_two_border_width__hover_enabled=\u00a0\u00bboff\u00a0\u00bb button_border_color__hover_enabled=\u00a0\u00bboff\u00a0\u00bb button_one_border_color__hover_enabled=\u00a0\u00bboff\u00a0\u00bb button_two_border_color__hover_enabled=\u00a0\u00bboff\u00a0\u00bb button_border_radius__hover_enabled=\u00a0\u00bboff\u00a0\u00bb button_one_border_radius__hover_enabled=\u00a0\u00bboff\u00a0\u00bb button_two_border_radius__hover_enabled=\u00a0\u00bboff\u00a0\u00bb button_letter_spacing__hover_enabled=\u00a0\u00bbon\u00a0\u00bb button_letter_spacing__hover=\u00a0\u00bb0&Prime; button_one_letter_spacing__hover_enabled=\u00a0\u00bboff\u00a0\u00bb button_two_letter_spacing__hover_enabled=\u00a0\u00bboff\u00a0\u00bb button_bg_color__hover_enabled=\u00a0\u00bboff\u00a0\u00bb button_one_bg_color__hover_enabled=\u00a0\u00bboff\u00a0\u00bb button_two_bg_color__hover_enabled=\u00a0\u00bboff\u00a0\u00bb][\/et_pb_button][\/et_pb_column][\/et_pb_row][et_pb_row _builder_version=\u00a0\u00bb4.16&Prime; background_size=\u00a0\u00bbinitial\u00a0\u00bb background_position=\u00a0\u00bbtop_left\u00a0\u00bb background_repeat=\u00a0\u00bbrepeat\u00a0\u00bb custom_margin=\u00a0\u00bb||20px|\u00a0\u00bb make_fullwidth=\u00a0\u00bboff\u00a0\u00bb use_custom_width=\u00a0\u00bboff\u00a0\u00bb width_unit=\u00a0\u00bbon\u00a0\u00bb global_colors_info=\u00a0\u00bb{}\u00a0\u00bb][et_pb_column type=\u00a0\u00bb4_4&Prime; _builder_version=\u00a0\u00bb4.16&Prime; custom_padding=\u00a0\u00bb|||\u00a0\u00bb global_colors_info=\u00a0\u00bb{}\u00a0\u00bb custom_padding__hover=\u00a0\u00bb|||\u00a0\u00bb][et_pb_divider show_divider=\u00a0\u00bboff\u00a0\u00bb disabled_on=\u00a0\u00bbon|on|off\u00a0\u00bb _builder_version=\u00a0\u00bb4.16&Prime; height=\u00a0\u00bb10px\u00a0\u00bb hide_on_mobile=\u00a0\u00bbon\u00a0\u00bb global_colors_info=\u00a0\u00bb{}\u00a0\u00bb][\/et_pb_divider][\/et_pb_column][\/et_pb_row][et_pb_row _builder_version=\u00a0\u00bb4.16&Prime; background_color=\u00a0\u00bb#ffffff\u00a0\u00bb background_size=\u00a0\u00bbinitial\u00a0\u00bb background_position=\u00a0\u00bbtop_left\u00a0\u00bb background_repeat=\u00a0\u00bbrepeat\u00a0\u00bb make_fullwidth=\u00a0\u00bboff\u00a0\u00bb use_custom_width=\u00a0\u00bboff\u00a0\u00bb width_unit=\u00a0\u00bbon\u00a0\u00bb global_colors_info=\u00a0\u00bb{}\u00a0\u00bb][et_pb_column type=\u00a0\u00bb4_4&Prime; _builder_version=\u00a0\u00bb4.16&Prime; custom_padding=\u00a0\u00bb|||\u00a0\u00bb global_colors_info=\u00a0\u00bb{}\u00a0\u00bb custom_padding__hover=\u00a0\u00bb|||\u00a0\u00bb][et_pb_text _builder_version=\u00a0\u00bb4.16&Prime; background_size=\u00a0\u00bbinitial\u00a0\u00bb background_position=\u00a0\u00bbtop_left\u00a0\u00bb background_repeat=\u00a0\u00bbrepeat\u00a0\u00bb custom_padding=\u00a0\u00bb20px||20px|\u00a0\u00bb use_border_color=\u00a0\u00bboff\u00a0\u00bb border_color=\u00a0\u00bb#ffffff\u00a0\u00bb border_style=\u00a0\u00bbsolid\u00a0\u00bb global_colors_info=\u00a0\u00bb{}\u00a0\u00bb]<\/p>\n<div class=\"fb-like\" style=\"text-align: center;\" data-href=\"https:\/\/www.facebook.com\/fasoon.ch\" data-layout=\"standard\" data-action=\"like\" data-size=\"large\" data-show-faces=\"true\" data-share=\"true\">\u00a0<\/div>\n<p>[\/et_pb_text][\/et_pb_column][\/et_pb_row][\/et_pb_section]<\/p>\n","protected":false},"excerpt":{"rendered":"excerpt","protected":false},"author":10,"featured_media":44673,"comment_status":"open","ping_status":"open","sticky":false,"template":"","format":"standard","meta":{"_acf_changed":false,"_et_pb_use_builder":"","_et_pb_old_content":"<p>[et_pb_section fb_built=\"1\" admin_label=\"section\" _builder_version=\"4.16\" global_colors_info=\"{}\"][et_pb_row admin_label=\"row\" _builder_version=\"4.16\" background_size=\"initial\" background_position=\"top_left\" background_repeat=\"repeat\" global_colors_info=\"{}\"][et_pb_column type=\"4_4\" _builder_version=\"4.16\" custom_padding=\"|||\" global_colors_info=\"{}\" custom_padding__hover=\"|||\"][et_pb_text _builder_version=\"4.27.4\" background_size=\"initial\" background_position=\"top_left\" background_repeat=\"repeat\" use_border_color=\"off\" global_colors_info=\"{}\"]<\/p>\r\n<h2 aria-level=\"2\"><span data-contrast=\"none\">L'AVS - le fonctionnement de la pr\u00e9voyance \u00e9tatique<\/span><span data-ccp-props=\"{\"134245418\":true,\"134245529\":true,\"335559738\":40}\">\u00a0<\/span><\/h2>\r\n<p><span data-contrast=\"auto\">En Suisse, il existe un r\u00e9seau dense d'assurances sociales qui offre aux personnes qui vivent et travaillent ici ainsi qu'aux membres de leur famille une protection \u00e9tendue contre les risques. Dans ce blog, vous apprendrez l'essentiel sur le premier pilier de ce syst\u00e8me, l'AVS.<\/span><span data-ccp-props=\"{}\">\u00a0<\/span><\/p>\r\n<p><span data-ccp-props=\"{}\">\u00a0<\/span><\/p>\r\n<h2 aria-level=\"2\"><span data-contrast=\"none\">L'assurance-vieillesse et survivants (AVS)<\/span><span data-ccp-props=\"{\"134245418\":true,\"134245529\":true,\"335559738\":40}\">\u00a0<\/span><\/h2>\r\n<p><span data-contrast=\"auto\">L'AVS est une assurance qui remplace partiellement le revenu perdu \u00e0 la retraite ou en cas de d\u00e9c\u00e8s. Elle est donc le pilier le plus important de la pr\u00e9voyance sociale en Suisse. Les caisses de compensation AVS sont responsables de la perception des cotisations et du versement des prestations. L'AVS est une assurance populaire g\u00e9n\u00e9rale et obligatoire. Cela signifie que toutes les personnes r\u00e9sidant ou exer\u00e7ant une activit\u00e9 professionnelle en Suisse sont assur\u00e9es par l'AVS.<\/span><span data-ccp-props=\"{}\">\u00a0<\/span><\/p>\r\n<p><span data-ccp-props=\"{}\">\u00a0<\/span><\/p>\r\n<p aria-level=\"2\"><span data-contrast=\"none\">Cotisations<\/span><span data-ccp-props=\"{\"134245418\":true,\"134245529\":true,\"335559738\":40}\">\u00a0<\/span><\/p>\r\n<h2>Qui paie des cotisations \u00e0 l'AVS ?\u00a0<\/h2>\r\n<p><b><span data-contrast=\"auto\">Toutes les personnes assur\u00e9es aupr\u00e8s de l'AVS<\/span><\/b><span data-contrast=\"auto\">. Sont tenues de cotiser toutes les personnes assur\u00e9es aupr\u00e8s de l'AVS, c'est-\u00e0-dire toutes les personnes qui r\u00e9sident ou travaillent en Suisse. Les personnes sans activit\u00e9 lucrative sont \u00e9galement soumises \u00e0 l'obligation de cotiser. Leur cotisation est consid\u00e9r\u00e9e comme pay\u00e9e lorsque le conjoint exer\u00e7ant une activit\u00e9 lucrative a vers\u00e9 au moins le double de la cotisation minimale \u00e0 l'AVS. La cotisation minimale AVS\/AI\/APG s'\u00e9l\u00e8ve \u00e0 503 francs par an. Pour les personnes qui n'exercent pas d'activit\u00e9 lucrative (comme les femmes au foyer) et qui n'ont pas de conjoint qui verse le double de la cotisation minimale \u00e0 l'AVS, la cotisation est calcul\u00e9e sur la base de leur fortune.<\/span><span data-ccp-props=\"{}\">\u00a0<\/span><\/p>\r\n<p><span data-ccp-props=\"{}\">\u00a0<\/span><\/p>\r\n<p><b><span data-contrast=\"auto\">Propri\u00e9taire d\u2019une S\u00e0rl ou d\u2019une SA<\/span><\/b><span data-ccp-props=\"{}\">\u00a0<\/span><\/p>\r\n<p><span data-contrast=\"auto\">Les cotisations des salari\u00e9s sont d\u00e9duites par l'employeur lors de chaque paiement de salaire et vers\u00e9es directement \u00e0 la caisse de compensation AVS en m\u00eame temps que la cotisation de l'employeur (en r\u00e8gle g\u00e9n\u00e9rale, chaque trimestre). Comme le propri\u00e9taire d'une SA ou d'une S\u00e0rl est \u00e9galement un employ\u00e9 de la soci\u00e9t\u00e9, l'AVS ne fait pas de distinction entre propri\u00e9taire et employ\u00e9.<\/span><span data-ccp-props=\"{}\">\u00a0<\/span><\/p>\r\n<p><span data-ccp-props=\"{}\">\u00a0<\/span><\/p>\r\n<p><b><span data-contrast=\"auto\">Propri\u00e9taire d'une entreprise individuelle ou d'une soci\u00e9t\u00e9 en nom collectif<\/span><\/b><span data-ccp-props=\"{}\">\u00a0<\/span><\/p>\r\n<p><span data-contrast=\"auto\">Si l'entreprise individuelle ou la soci\u00e9t\u00e9 en nom collectif emploie des collaborateurs, les cotisations des employ\u00e9s sont d\u00e9duites par l'employeur lors de chaque paiement de salaire et vers\u00e9es r\u00e9guli\u00e8rement (en pratique trimestriellement) \u00e0 la caisse de compensation AVS. Les cotisations personnelles des propri\u00e9taires sont calcul\u00e9es en fin d'ann\u00e9e par la caisse de compensation AVS sur la base du b\u00e9n\u00e9fice.<\/span><span data-ccp-props=\"{}\">\u00a0<\/span><\/p>\r\n<p><b><span data-contrast=\"auto\">Exemple<\/span><\/b><span data-contrast=\"auto\"> : Johann K\u00fcng a deux employ\u00e9s dans sa S\u00e0rl. Chaque mois, il d\u00e9duit les cotisations AVS des salaires bruts de ses employ\u00e9s et de son propre salaire. Il les verse chaque trimestre, avec les cotisations de l'employeur, \u00e0 la caisse de compensation AVS comp\u00e9tente. A la fin de l'ann\u00e9e, tout est d\u00e9compt\u00e9 avec pr\u00e9cision et Johann re\u00e7oit une facture finale pour l'ann\u00e9e \u00e9coul\u00e9e.<\/span><span data-ccp-props=\"{}\">\u00a0<\/span><\/p>\r\n<p><span data-ccp-props=\"{}\">\u00a0<\/span><\/p>\r\n<p><span data-contrast=\"auto\">Un revenu provenant d'une activit\u00e9 accessoire ind\u00e9pendante ou d'une activit\u00e9 salari\u00e9e ne d\u00e9passant pas 2\u2019300 CHF par an est consid\u00e9r\u00e9 comme un revenu minime et n'est soumis \u00e0 l'obligation de cotiser que si la personne assur\u00e9e en fait la demande. Cela ne s'applique toutefois pas aux personnes qui travaillent dans des m\u00e9nages priv\u00e9s - leur revenu est dans tous les cas obligatoirement soumis \u00e0 cotisation (en font par exemple partie les aides m\u00e9nag\u00e8res, le personnel de nettoyage ou la garde d'enfants). Les personnes de moins de 25 ans dont le revenu r\u00e9alis\u00e9 est inf\u00e9rieur \u00e0 750 CHF par an sont exempt\u00e9es de cette obligation. Il en va de m\u00eame pour les personnes r\u00e9mun\u00e9r\u00e9es par des producteurs de danse et de th\u00e9\u00e2tre, des orchestres, des producteurs phonographiques et audiovisuels, la radio et la t\u00e9l\u00e9vision ainsi que par des \u00e9coles dans le domaine artistique.<\/span><span data-ccp-props=\"{}\">\u00a0<\/span><\/p>\r\n<p><b><span data-contrast=\"auto\">Exemple<\/span><\/b><span data-contrast=\"auto\"> : Johann K\u00fcng travaille comme professeur int\u00e9rimaire \u00e0 temps partiel. Il gagne 2\u2019000 CHF par an gr\u00e2ce \u00e0 ce travail. Son employeur ne doit donc pas verser l'AVS, car le salaire ne d\u00e9passe pas la limite de 2'300 CHF par an et Johann ne l'a pas demand\u00e9. Si Johann travaillait comme agent de nettoyage dans un m\u00e9nage priv\u00e9, l'AVS devrait obligatoirement \u00eatre vers\u00e9e.<\/span><span data-ccp-props=\"{}\">\u00a0<\/span><\/p>\r\n<p><span data-ccp-props=\"{}\">\u00a0<\/span><\/p>\r\n<p><b><span data-contrast=\"auto\">Quelle est la dur\u00e9e de l\u2019obligation de cotiser\u202f?<\/span><\/b><span data-ccp-props=\"{}\">\u00a0<\/span><\/p>\r\n<p><span data-contrast=\"auto\">Pour les personnes exer\u00e7ant une activit\u00e9 lucrative, l'obligation de cotiser commence le 1er janvier suivant le 17e anniversaire. Pour les personnes sans activit\u00e9 lucrative, elle d\u00e9bute le 1er janvier suivant le 20e anniversaire. L'obligation de cotiser dure jusqu'\u00e0 ce que l'\u00e2ge ordinaire de la retraite soit atteint.<\/span><span data-ccp-props=\"{}\">\u00a0<\/span><\/p>\r\n<p><span data-contrast=\"auto\">Important : les ann\u00e9es de cotisation manquantes peuvent entra\u00eener une r\u00e9duction des prestations !<\/span><span data-ccp-props=\"{}\">\u00a0<\/span><\/p>\r\n<p><span data-ccp-props=\"{}\">\u00a0<\/span><\/p>\r\n<p><b><span data-contrast=\"auto\">Les b\u00e9n\u00e9ficiaires d'une rente de vieillesse qui exercent une activit\u00e9 professionnelle doivent-ils \u00e9galement payer des cotisations ?<\/span><\/b><span data-ccp-props=\"{}\">\u00a0<\/span><\/p>\r\n<p><span data-contrast=\"auto\">Oui - l'obligation de cotiser subsiste.<\/span><span data-ccp-props=\"{}\">\u00a0<\/span><\/p>\r\n<p><span data-ccp-props=\"{}\">\u00a0<\/span><\/p>\r\n<p><span data-contrast=\"auto\">Les personnes qui per\u00e7oivent d\u00e9j\u00e0 une rente de vieillesse, mais qui continuent d'exercer une activit\u00e9 professionnelle, doivent continuer \u00e0 payer des cotisations. Les retrait\u00e9s qui exercent une activit\u00e9 professionnelle b\u00e9n\u00e9ficient d'une franchise de 1\u2019400 CHF par mois ou de 16\u2019800 CHF par an, sur laquelle ils ne doivent pas payer de cotisations. Les cotisations ne sont pr\u00e9lev\u00e9es que sur la part du revenu professionnel qui d\u00e9passe ces montants.<\/span><span data-ccp-props=\"{}\">\u00a0<\/span><\/p>\r\n<p><span data-ccp-props=\"{}\">\u00a0<\/span><span data-ccp-props=\"{}\">\u00a0<\/span><\/p>\r\n<h2>Comment les cotisations AVS sont-elles calcul\u00e9es ?<\/h2>\r\n<p><b><span data-contrast=\"auto\">Pour les personnes actives, sur la base de leur revenu, pour les personnes non actives, sur la base de leur situation \u00e9conomique.<\/span><\/b><span data-ccp-props=\"{}\">\u00a0<\/span><\/p>\r\n<p><span data-contrast=\"auto\">Pour les personnes salari\u00e9es, l'employ\u00e9 et l'employeur paient chacun la moiti\u00e9 des cotisations, c'est-\u00e0-dire 4,35% du revenu d\u00e9terminant (sans limite d'assujettissement). Les employeurs sont tenus de verser la cotisation totale directement \u00e0 la caisse de compensation AVS.<\/span><span data-ccp-props=\"{}\">\u00a0<\/span><\/p>\r\n<p><span data-contrast=\"auto\">Pour les ind\u00e9pendants, la caisse de compensation AVS fixe la cotisation sur la base du revenu de l'activit\u00e9 professionnelle et va de 5,371% de leur revenu jusqu'au taux maximal de 10% pour un revenu sup\u00e9rieur \u00e0 57'400.<\/span><span data-ccp-props=\"{}\">\u00a0<\/span><\/p>\r\n<p><span data-ccp-props=\"{}\">\u00a0<\/span><\/p>\r\n<p><b><span data-contrast=\"auto\">Qu'est-ce que le compte individuel ?<\/span><\/b><span data-ccp-props=\"{}\">\u00a0<\/span><\/p>\r\n<p><b><span data-contrast=\"auto\">Il constitue la base du calcul de la pension.<\/span><\/b><span data-ccp-props=\"{}\">\u00a0<\/span><\/p>\r\n<p><span data-contrast=\"auto\">Tous les revenus professionnels, les p\u00e9riodes de cotisation ainsi que les bonifications pour t\u00e2ches d'assistance sont enregistr\u00e9s sur le compte individuel (CI). Ceux-ci servent de base au calcul d'une rente de vieillesse, de survivant ou d'invalidit\u00e9. Les personnes qui souhaitent v\u00e9rifier si la dur\u00e9e de cotisation est compl\u00e8te ou si l'employeur a r\u00e9ellement d\u00e9compt\u00e9 les cotisations d\u00e9duites avec la caisse de compensation AVS peuvent demander un extrait par \u00e9crit ou directement par Internet (https:\/\/www.ahv-iv.ch\/fr\/). Le num\u00e9ro d'assur\u00e9 doit \u00eatre indiqu\u00e9 \u00e0 cette occasion. L'extrait du CI est gratuit.<\/span><span data-ccp-props=\"{}\">\u00a0<\/span><\/p>\r\n<p><span data-ccp-props=\"{}\">\u00a0<\/span><\/p>\r\n<p aria-level=\"2\"><span data-contrast=\"none\">Prestations<\/span><span data-ccp-props=\"{\"134245418\":true,\"134245529\":true,\"335559738\":40}\">\u00a0<\/span><\/p>\r\n<h2>Quelles sont les prestations vers\u00e9es par l'AVS ?<\/h2>\r\n<p><b><span data-contrast=\"auto\">Les rentes, les allocations pour impotents et les moyens auxiliaires.<\/span><\/b><span data-ccp-props=\"{}\">\u00a0<\/span><\/p>\r\n<p><span data-contrast=\"auto\">La rente de vieillesse et de survivants ainsi que l'allocation pour impotent constituent la plus grande partie des prestations de l'AVS. Ces prestations sont continuellement adapt\u00e9es \u00e0 l'\u00e9volution des salaires et des prix.<\/span><span data-ccp-props=\"{}\">\u00a0<\/span><\/p>\r\n<p><span data-ccp-props=\"{}\">\u00a0<\/span><\/p>\r\n<p><b><span data-contrast=\"auto\">Rente de de vieillesse<\/span><\/b><span data-ccp-props=\"{}\">\u00a0<\/span><\/p>\r\n<p><span data-contrast=\"auto\">Les personnes qui atteignent l'\u00e2ge de la retraite ont droit \u00e0 une rente de vieillesse. L'\u00e2ge de la retraite des femmes <\/span><span data-contrast=\"auto\">est aujourd\u2019hui (en anticipation des r\u00e9formes\u202f??)<\/span><span data-contrast=\"auto\"> de 64 ans. Les hommes atteignent l'\u00e2ge de la retraite \u00e0 65 ans. La rente de vieillesse compl\u00e8te s'\u00e9l\u00e8ve au minimum \u00e0 1\u2019195 CHF et au maximum \u00e0 2\u2019390 CHF par mois. En cas de dur\u00e9e de cotisation incompl\u00e8te, une rente partielle est vers\u00e9e. Les rentes de vieillesse pour les couples mari\u00e9s ou vivant en partenariat enregistr\u00e9 ne peuvent pas d\u00e9passer 150 % de la rente de vieillesse maximale, c'est-\u00e0-dire 3'585 CHF.<\/span><span data-ccp-props=\"{}\">\u00a0<\/span><\/p>\r\n<p><span data-contrast=\"auto\">Celui qui per\u00e7oit sa rente de vieillesse un ou deux ans avant l'\u00e2ge ordinaire de la retraite re\u00e7oit une rente r\u00e9duite. Le taux de r\u00e9duction est de 6,8% par ann\u00e9e d'anticipation. Inversement, celui qui ajourne le versement de sa rente d'un \u00e0 cinq ans maximum re\u00e7oit une rente major\u00e9e. L'augmentation d\u00e9pend de la dur\u00e9e de l'ajournement. L'anticipation ou l'ajournement de la rente de vieillesse a \u00e9galement des r\u00e9percussions sur les rentes pour enfants.<\/span><span data-ccp-props=\"{}\">\u00a0<\/span><\/p>\r\n<p><span data-ccp-props=\"{}\">\u00a0<\/span><\/p>\r\n<p><b><span data-contrast=\"auto\">Rente pour enfant<\/span><\/b><span data-ccp-props=\"{}\">\u00a0<\/span><\/p>\r\n<p><span data-contrast=\"auto\">Un droit \u00e0 une rente pour enfant en plus de la rente de vieillesse existe pour les enfants qui n'ont pas encore atteint l'\u00e2ge de 18 ans ou qui sont encore en formation (jusqu'\u00e0 leur 25e anniversaire). La rente pour enfant s'\u00e9l\u00e8ve \u00e0 40 % de la rente de vieillesse correspondante, soit au minimum 474 CHF et au maximum 948 CHF par mois pour une dur\u00e9e de cotisation compl\u00e8te. Si les deux parents ont droit \u00e0 une rente pour enfant, le montant total des deux rentes ne doit pas d\u00e9passer 60 % du montant maximal de la rente de vieillesse, soit CHF 1'410.- par mois.<\/span><span data-ccp-props=\"{}\">\u00a0<\/span><\/p>\r\n<p><span data-ccp-props=\"{}\">\u00a0<\/span><\/p>\r\n<p><b><span data-contrast=\"auto\">Rente de veuve et de veuf<\/span><\/b><span data-ccp-props=\"{}\">\u00a0<\/span><\/p>\r\n<p><span data-contrast=\"auto\">Les femmes dont le conjoint est d\u00e9c\u00e9d\u00e9 ont droit \u00e0 une rente de veuve,<\/span><span data-ccp-props=\"{}\">\u00a0<\/span><\/p>\r\n<ul>\r\n<li data-leveltext=\"-\" data-font=\"Calibri\" data-listid=\"1\" data-list-defn-props=\"{\"335551671\":9,\"335552541\":1,\"335559685\":720,\"335559991\":360,\"469769226\":\"Calibri\",\"469769242\":[8226],\"469777803\":\"left\",\"469777804\":\"-\",\"469777815\":\"hybridMultilevel\"}\" aria-setsize=\"-1\" data-aria-posinset=\"9\" data-aria-level=\"1\"><span data-contrast=\"auto\">si, au moment du veuvage, elles ont un ou plusieurs enfants ou<\/span><span data-ccp-props=\"{}\">\u00a0<\/span><\/li>\r\n<\/ul>\r\n<ul>\r\n<li data-leveltext=\"-\" data-font=\"Calibri\" data-listid=\"1\" data-list-defn-props=\"{\"335551671\":9,\"335552541\":1,\"335559685\":720,\"335559991\":360,\"469769226\":\"Calibri\",\"469769242\":[8226],\"469777803\":\"left\",\"469777804\":\"-\",\"469777815\":\"hybridMultilevel\"}\" aria-setsize=\"-1\" data-aria-posinset=\"10\" data-aria-level=\"1\"><span data-contrast=\"auto\">si elles ont 45 ans au moment du veuvage et ont \u00e9t\u00e9 mari\u00e9es pendant au moins cinq ans. En cas de plusieurs mariages, les ann\u00e9es de mariage sont additionn\u00e9es.<\/span><span data-ccp-props=\"{}\">\u00a0<\/span><\/li>\r\n<\/ul>\r\n<p><span data-ccp-props=\"{}\">\u00a0<\/span><\/p>\r\n<p><span data-contrast=\"auto\">Les femmes divorc\u00e9es dont l'ex-conjoint est d\u00e9c\u00e9d\u00e9 ont \u00e9galement droit \u00e0 une pension de veuve sous certaines conditions. Les hommes dont l'\u00e9pouse ou l'ex-\u00e9pouse est d\u00e9c\u00e9d\u00e9e re\u00e7oivent une rente de veuf jusqu'\u00e0 ce que le plus jeune de leurs enfants ait atteint l'\u00e2ge de 18 ans. La rente de veuve ou de veuf repr\u00e9sente 80 % de la rente de vieillesse (pour une dur\u00e9e de cotisation compl\u00e8te, au moins 956 CHF par mois et au plus 1\u2019912 CHF). Le partenariat enregistr\u00e9 est assimil\u00e9 au mariage, sa dissolution au divorce et le partenaire enregistr\u00e9 survivant au veuf.<\/span><span data-ccp-props=\"{}\">\u00a0<\/span><\/p>\r\n<p><span data-ccp-props=\"{}\">\u00a0<\/span><\/p>\r\n<p><b><span data-contrast=\"auto\">Rente d\u2019orphelin<\/span><\/b><span data-ccp-props=\"{}\">\u00a0<\/span><\/p>\r\n<p><span data-contrast=\"auto\">L'AVS verse une rente d'orphelin aux enfants en cas de d\u00e9c\u00e8s de la m\u00e8re ou du p\u00e8re. En cas de d\u00e9c\u00e8s des deux parents, il existe un droit \u00e0 deux rentes d'orphelin. Le droit \u00e0 une rente d'orphelin s'\u00e9teint au 18e anniversaire ou \u00e0 la fin de la formation (mais au plus tard au 25e anniversaire). La rente d'orphelin repr\u00e9sente 40 % de la rente de vieillesse (pour une dur\u00e9e de cotisation compl\u00e8te, au moins 479 CHF par mois et au plus 956 CHF par mois). Si les deux parents sont d\u00e9c\u00e9d\u00e9s, les rentes d'orphelins doivent \u00eatre r\u00e9duites dans la mesure o\u00f9 leur montant total d\u00e9passe 60 % de la rente de vieillesse maximale, c'est-\u00e0-dire 1\u2019434 CHF par mois.<\/span><\/p>\r\n<p>[\/et_pb_text][\/et_pb_column][\/et_pb_row][\/et_pb_section][et_pb_section fb_built=\"1\" _builder_version=\"4.16\" custom_padding=\"30px|||\" custom_css_main_element=\"background-image: url(%22https:\/\/fasoon.ch\/wp-content\/uploads\/2016\/12\/bg-body.png%22);||background-size: initial;||background-repeat: repeat;||\" transparent_background=\"off\" make_fullwidth=\"off\" use_custom_width=\"off\" width_unit=\"on\" global_colors_info=\"{}\"][et_pb_row _builder_version=\"4.16\" background_size=\"initial\" background_position=\"top_left\" background_repeat=\"repeat\" custom_margin=\"20px|10px||10px\" make_fullwidth=\"off\" use_custom_width=\"off\" width_unit=\"on\" global_colors_info=\"{}\"][et_pb_column type=\"4_4\" _builder_version=\"4.16\" custom_padding=\"|||\" global_colors_info=\"{}\" custom_padding__hover=\"|||\"][et_pb_text _builder_version=\"4.16\" background_size=\"initial\" background_position=\"top_left\" background_repeat=\"repeat\" custom_padding=\"20px|15px||10px\" use_border_color=\"off\" border_color=\"#ffffff\" border_style=\"solid\" global_colors_info=\"{}\"]<\/p>\r\n<p><span style=\"color: #004350; font-size: 20px;\">Vous voulez cr\u00e9er une entreprise ? Les employ\u00e9s de Fasoon travaillent dans le domaine de la cr\u00e9ation d'entreprises depuis plus de 10 ans.<\/span><\/p>\r\n<p><span style=\"color: #004350; font-size: 20px;\">Nous vous conseillons personnellement et vous soutenons dans le processus administratif de votre fondation. Inscrivez votre cr\u00e9ation d\u00e8s maintenant et profitez de nos prix imbattables. Ou prenez rendez-vous pour une consultation sans engagement.<\/span><\/p>\r\n<p>[\/et_pb_text][et_pb_divider show_divider=\"off\" disabled_on=\"on|on|off\" _builder_version=\"4.16\" height=\"10px\" hide_on_mobile=\"on\" global_colors_info=\"{}\"][\/et_pb_divider][\/et_pb_column][\/et_pb_row][et_pb_row column_structure=\"1_2,1_2\" _builder_version=\"4.16\" background_size=\"initial\" background_position=\"top_left\" background_repeat=\"repeat\" custom_padding=\"|10px||10px\" make_fullwidth=\"off\" use_custom_width=\"off\" width_unit=\"on\" global_colors_info=\"{}\"][et_pb_column type=\"1_2\" _builder_version=\"4.16\" custom_padding=\"|||\" global_colors_info=\"{}\" custom_padding__hover=\"|||\"][et_pb_button button_url=\"https:\/\/fasoon.ch\/fr\/calculateur-de-prix\/\" button_text=\"Cr\u00e9er maintenant\" button_alignment=\"center\" admin_label=\"jetzt gr\u00fcnden\" _builder_version=\"4.16\" custom_button=\"on\" button_text_size=\"25\" button_text_color=\"#fa003b\" button_bg_color=\"#ffffff\" button_border_width=\"3\" button_border_color=\"#fa003b\" button_border_radius=\"0\" button_icon=\"\ue0ef||divi||400\" button_icon_color=\"#fa003b\" button_icon_placement=\"left\" button_text_size_tablet=\"20\" button_text_size_phone=\"\" button_text_size_last_edited=\"on|phone\" custom_css_main_element=\"width: 95%\" button_letter_spacing_hover=\"0\" global_colors_info=\"{}\" button_text_size__hover_enabled=\"off\" button_one_text_size__hover_enabled=\"off\" button_two_text_size__hover_enabled=\"off\" button_text_color__hover_enabled=\"off\" button_one_text_color__hover_enabled=\"off\" button_two_text_color__hover_enabled=\"off\" button_border_width__hover_enabled=\"off\" button_one_border_width__hover_enabled=\"off\" button_two_border_width__hover_enabled=\"off\" button_border_color__hover_enabled=\"off\" button_one_border_color__hover_enabled=\"off\" button_two_border_color__hover_enabled=\"off\" button_border_radius__hover_enabled=\"off\" button_one_border_radius__hover_enabled=\"off\" button_two_border_radius__hover_enabled=\"off\" button_letter_spacing__hover_enabled=\"on\" button_letter_spacing__hover=\"0\" button_one_letter_spacing__hover_enabled=\"off\" button_two_letter_spacing__hover_enabled=\"off\" button_bg_color__hover_enabled=\"off\" button_one_bg_color__hover_enabled=\"off\" button_two_bg_color__hover_enabled=\"off\"][\/et_pb_button][\/et_pb_column][et_pb_column type=\"1_2\" _builder_version=\"4.16\" custom_padding=\"|||\" global_colors_info=\"{}\" custom_padding__hover=\"|||\"][et_pb_button button_url=\"https:\/\/fasoon.ch\/fr\/informations\/conseil\/\" button_text=\"Prendre un rendez-vous pour une consultation\" button_alignment=\"center\" admin_label=\"Beratungsgespr\u00e4ch vereinbaren\" _builder_version=\"4.16\" custom_button=\"on\" button_text_size=\"25\" button_text_color=\"#fa003b\" button_bg_color=\"#ffffff\" button_border_width=\"3\" button_border_color=\"#fa003b\" button_border_radius=\"0\" button_icon=\"w||divi||400\" button_icon_color=\"#fa003b\" button_icon_placement=\"left\" button_text_size_tablet=\"20\" button_text_size_phone=\"\" button_text_size_last_edited=\"on|desktop\" custom_css_main_element=\"width: 95%\" button_letter_spacing_hover=\"0\" global_colors_info=\"{}\" button_text_size__hover_enabled=\"off\" button_one_text_size__hover_enabled=\"off\" button_two_text_size__hover_enabled=\"off\" button_text_color__hover_enabled=\"off\" button_one_text_color__hover_enabled=\"off\" button_two_text_color__hover_enabled=\"off\" button_border_width__hover_enabled=\"off\" button_one_border_width__hover_enabled=\"off\" button_two_border_width__hover_enabled=\"off\" button_border_color__hover_enabled=\"off\" button_one_border_color__hover_enabled=\"off\" button_two_border_color__hover_enabled=\"off\" button_border_radius__hover_enabled=\"off\" button_one_border_radius__hover_enabled=\"off\" button_two_border_radius__hover_enabled=\"off\" button_letter_spacing__hover_enabled=\"on\" button_letter_spacing__hover=\"0\" button_one_letter_spacing__hover_enabled=\"off\" button_two_letter_spacing__hover_enabled=\"off\" button_bg_color__hover_enabled=\"off\" button_one_bg_color__hover_enabled=\"off\" button_two_bg_color__hover_enabled=\"off\"][\/et_pb_button][\/et_pb_column][\/et_pb_row][et_pb_row _builder_version=\"4.16\" background_size=\"initial\" background_position=\"top_left\" background_repeat=\"repeat\" custom_margin=\"||20px|\" make_fullwidth=\"off\" use_custom_width=\"off\" width_unit=\"on\" global_colors_info=\"{}\"][et_pb_column type=\"4_4\" _builder_version=\"4.16\" custom_padding=\"|||\" global_colors_info=\"{}\" custom_padding__hover=\"|||\"][et_pb_divider show_divider=\"off\" disabled_on=\"on|on|off\" _builder_version=\"4.16\" height=\"10px\" hide_on_mobile=\"on\" global_colors_info=\"{}\"][\/et_pb_divider][\/et_pb_column][\/et_pb_row][et_pb_row _builder_version=\"4.16\" background_color=\"#ffffff\" background_size=\"initial\" background_position=\"top_left\" background_repeat=\"repeat\" make_fullwidth=\"off\" use_custom_width=\"off\" width_unit=\"on\" global_colors_info=\"{}\"][et_pb_column type=\"4_4\" _builder_version=\"4.16\" custom_padding=\"|||\" global_colors_info=\"{}\" custom_padding__hover=\"|||\"][et_pb_text _builder_version=\"4.16\" background_size=\"initial\" background_position=\"top_left\" background_repeat=\"repeat\" custom_padding=\"20px||20px|\" use_border_color=\"off\" border_color=\"#ffffff\" border_style=\"solid\" global_colors_info=\"{}\"]<\/p>\r\n<div class=\"fb-like\" style=\"text-align: center;\" data-href=\"https:\/\/www.facebook.com\/fasoon.ch\" data-layout=\"standard\" data-action=\"like\" data-size=\"large\" data-show-faces=\"true\" data-share=\"true\">\u00a0<\/div>\r\n<p>[\/et_pb_text][\/et_pb_column][\/et_pb_row][\/et_pb_section]<\/p>","_et_gb_content_width":"","sync_status":"","episode_type":"","audio_file":"","castos_file_data":"","podmotor_file_id":"","cover_image":"","cover_image_id":"","duration":"","filesize":"","filesize_raw":"","date_recorded":"","explicit":"","block":"","footnotes":""},"categories":[148,83],"tags":[],"class_list":["post-44666","post","type-post","status-publish","format-standard","has-post-thumbnail","hentry","category-entrepreneurship-fr","category-generalites"],"aioseo_notices":[],"acf":[],"_links":{"self":[{"href":"https:\/\/fasoon.ch\/fr\/wp-json\/wp\/v2\/posts\/44666","targetHints":{"allow":["GET"]}}],"collection":[{"href":"https:\/\/fasoon.ch\/fr\/wp-json\/wp\/v2\/posts"}],"about":[{"href":"https:\/\/fasoon.ch\/fr\/wp-json\/wp\/v2\/types\/post"}],"author":[{"embeddable":true,"href":"https:\/\/fasoon.ch\/fr\/wp-json\/wp\/v2\/users\/10"}],"replies":[{"embeddable":true,"href":"https:\/\/fasoon.ch\/fr\/wp-json\/wp\/v2\/comments?post=44666"}],"version-history":[{"count":12,"href":"https:\/\/fasoon.ch\/fr\/wp-json\/wp\/v2\/posts\/44666\/revisions"}],"predecessor-version":[{"id":44847,"href":"https:\/\/fasoon.ch\/fr\/wp-json\/wp\/v2\/posts\/44666\/revisions\/44847"}],"wp:featuredmedia":[{"embeddable":true,"href":"https:\/\/fasoon.ch\/fr\/wp-json\/wp\/v2\/media\/44673"}],"wp:attachment":[{"href":"https:\/\/fasoon.ch\/fr\/wp-json\/wp\/v2\/media?parent=44666"}],"wp:term":[{"taxonomy":"category","embeddable":true,"href":"https:\/\/fasoon.ch\/fr\/wp-json\/wp\/v2\/categories?post=44666"},{"taxonomy":"post_tag","embeddable":true,"href":"https:\/\/fasoon.ch\/fr\/wp-json\/wp\/v2\/tags?post=44666"}],"curies":[{"name":"wp","href":"https:\/\/api.w.org\/{rel}","templated":true}]}}